{"id":51816,"date":"2021-11-02T20:00:11","date_gmt":"2021-11-02T20:00:11","guid":{"rendered":"https:\/\/preprod.alongavecanna.com\/2021\/11\/02\/all-about-along-avec-anna-yarn\/"},"modified":"2023-02-11T22:22:08","modified_gmt":"2023-02-11T22:22:08","slug":"all-about-along-avec-anna-yarn","status":"publish","type":"post","link":"https:\/\/www.alongavecanna.com\/fr\/2021\/11\/02\/all-about-along-avec-anna-yarn\/","title":{"rendered":"\u00c0 propos des laines Along avec Anna"},"content":{"rendered":"\t\t<div data-elementor-type=\"wp-post\" data-elementor-id=\"51816\" class=\"elementor elementor-51816 elementor-51672\" data-elementor-post-type=\"post\">\n\t\t\t\t\t\t<section class=\"elementor-section elementor-top-section elementor-element elementor-element-6d0c1e8 elementor-section-boxed elementor-section-height-default elementor-section-height-default\" data-id=\"6d0c1e8\" data-element_type=\"section\" data-e-type=\"section\">\n\t\t\t\t\t\t<div class=\"elementor-container elementor-column-gap-default\">\n\t\t\t\t\t<div class=\"elementor-column elementor-col-100 elementor-top-column elementor-element elementor-element-4c1a2eb\" data-id=\"4c1a2eb\" data-element_type=\"column\" data-e-type=\"column\">\n\t\t\t<div class=\"elementor-widget-wrap elementor-element-populated\">\n\t\t\t\t\t\t<div class=\"elementor-element elementor-element-f87a06d elementor-widget elementor-widget-text-editor\" data-id=\"f87a06d\" data-element_type=\"widget\" data-e-type=\"widget\" data-widget_type=\"text-editor.default\">\n\t\t\t\t\t\t\t\t\t<p><span style=\"text-align: justify; color: var( --e-global-color-text ); font-family: var( --e-global-typography-text-font-family ), Sans-serif; font-weight: var( --e-global-typography-text-font-weight ); letter-spacing: 0px;\" data-text-color=\"success\"><span style=\"font-weight: bolder;\">Les laines ALONG AVEC ANNA sont des fibres naturelles,<\/span><\/span><span style=\"text-align: justify; color: var( --e-global-color-text ); font-family: var( --e-global-typography-text-font-family ), Sans-serif; font-weight: var( --e-global-typography-text-font-weight ); letter-spacing: 0px;\">&nbsp;disponibles en trois bases : &nbsp;<\/span><span style=\"text-align: justify; color: var( --e-global-color-text ); font-family: var( --e-global-typography-text-font-family ), Sans-serif; font-weight: var( --e-global-typography-text-font-weight ); letter-spacing: 0px;\" data-text-color=\"success\"><span style=\"font-weight: bolder;\">Silk Mohair (lace), Merino (fingering) et Double Merino (DK)<\/span><\/span><span style=\"text-align: justify; color: var( --e-global-color-text ); font-family: var( --e-global-typography-text-font-family ), Sans-serif; font-weight: var( --e-global-typography-text-font-weight ); letter-spacing: 0px;\">d&rsquo;une qualit\u00e9 et d&rsquo;une douceur exceptionnelles, \u00e0 un prix abordable. Des fils produits de mani\u00e8re \u00e9thique, qui vous permettront de tricoter de magnifiques projets !&nbsp;<\/span><span style=\"text-align: center; color: var( --e-global-color-text ); font-family: var( --e-global-typography-text-font-family ), Sans-serif; font-weight: var( --e-global-typography-text-font-weight ); letter-spacing: 0px;\">Ils sont actuellement disponibles en 12 magnifiques couleurs<\/span><span data-text-color=\"success\" style=\"text-align: center; color: var( --e-global-color-text ); font-family: var( --e-global-typography-text-font-family ), Sans-serif; font-weight: var( --e-global-typography-text-font-weight ); letter-spacing: 0px;\"><span style=\"font-weight: bolder;\">&nbsp;, \u00e0 la fois modernes et intemporelles<\/span><\/span><span style=\"text-align: center; color: var( --e-global-color-text ); font-family: var( --e-global-typography-text-font-family ), Sans-serif; font-weight: var( --e-global-typography-text-font-weight ); letter-spacing: 0px;\">.<\/span><\/p>\n<p style=\"text-align: start;\">\n<\/p>\t\t\t\t\t\t\t\t<\/div>\n\t\t\t\t\t<\/div>\n\t\t<\/div>\n\t\t\t\t\t<\/div>\n\t\t<\/section>\n\t\t\t\t<section class=\"elementor-section elementor-top-section elementor-element elementor-element-7259acf elementor-section-boxed elementor-section-height-default elementor-section-height-default\" data-id=\"7259acf\" data-element_type=\"section\" data-e-type=\"section\">\n\t\t\t\t\t\t<div class=\"elementor-container elementor-column-gap-default\">\n\t\t\t\t\t<div class=\"elementor-column elementor-col-100 elementor-top-column elementor-element elementor-element-b8898cb\" data-id=\"b8898cb\" data-element_type=\"column\" data-e-type=\"column\">\n\t\t\t<div class=\"elementor-widget-wrap elementor-element-populated\">\n\t\t\t\t\t\t<div class=\"elementor-element elementor-element-c774ae4 elementor--h-position-center elementor--v-position-middle elementor-arrows-position-inside elementor-pagination-position-inside elementor-widget elementor-widget-slides\" data-id=\"c774ae4\" data-element_type=\"widget\" data-e-type=\"widget\" data-settings=\"{&quot;navigation&quot;:&quot;both&quot;,&quot;autoplay&quot;:&quot;yes&quot;,&quot;pause_on_hover&quot;:&quot;yes&quot;,&quot;pause_on_interaction&quot;:&quot;yes&quot;,&quot;autoplay_speed&quot;:5000,&quot;infinite&quot;:&quot;yes&quot;,&quot;transition&quot;:&quot;slide&quot;,&quot;transition_speed&quot;:500}\" data-widget_type=\"slides.default\">\n\t\t\t\t\t\t\t\t\t\t<div class=\"elementor-slides-wrapper elementor-main-swiper swiper\" role=\"region\" aria-roledescription=\"carousel\" aria-label=\"Diapositives\" dir=\"ltr\" data-animation=\"fadeInUp\">\n\t\t\t\t<div class=\"swiper-wrapper elementor-slides\">\n\t\t\t\t\t\t\t\t\t\t<div class=\"elementor-repeater-item-665c689 swiper-slide\" role=\"group\" aria-roledescription=\"slide\"><div class=\"swiper-slide-bg\" role=\"img\" aria-label=\"along-avec-anna-weronika-karczewska-product-photography-0-138\"><\/div><div class=\"swiper-slide-inner\" ><div class=\"swiper-slide-contents\"><\/div><\/div><\/div><div class=\"elementor-repeater-item-0c47947 swiper-slide\" role=\"group\" aria-roledescription=\"slide\"><div class=\"swiper-slide-bg\" role=\"img\" aria-label=\"along-avec-anna-yarn-product-photography-weronika-karczewska-0-57\"><\/div><div class=\"swiper-slide-inner\" ><div class=\"swiper-slide-contents\"><\/div><\/div><\/div><div class=\"elementor-repeater-item-47aaabc swiper-slide\" role=\"group\" aria-roledescription=\"slide\"><div class=\"swiper-slide-bg\" role=\"img\" aria-label=\"along-avec-anna-weronika-karczewska-product-photography-0-41\"><\/div><div class=\"swiper-slide-inner\" ><div class=\"swiper-slide-contents\"><\/div><\/div><\/div>\t\t\t\t<\/div>\n\t\t\t\t\t\t\t\t\t\t\t\t\t\t\t<div class=\"elementor-swiper-button elementor-swiper-button-prev\" role=\"button\" tabindex=\"0\" aria-label=\"Diapositive pr\u00e9c\u00e9dente\">\n\t\t\t\t\t\t\t<svg aria-hidden=\"true\" class=\"e-font-icon-svg e-eicon-chevron-left\" viewBox=\"0 0 1000 1000\" xmlns=\"http:\/\/www.w3.org\/2000\/svg\"><path d=\"M646 125C629 125 613 133 604 142L308 442C296 454 292 471 292 487 292 504 296 521 308 533L604 854C617 867 629 875 646 875 663 875 679 871 692 858 704 846 713 829 713 812 713 796 708 779 692 767L438 487 692 225C700 217 708 204 708 187 708 171 704 154 692 142 675 129 663 125 646 125Z\"><\/path><\/svg>\t\t\t\t\t\t<\/div>\n\t\t\t\t\t\t<div class=\"elementor-swiper-button elementor-swiper-button-next\" role=\"button\" tabindex=\"0\" aria-label=\"Diapositive suivante\">\n\t\t\t\t\t\t\t<svg aria-hidden=\"true\" class=\"e-font-icon-svg e-eicon-chevron-right\" viewBox=\"0 0 1000 1000\" xmlns=\"http:\/\/www.w3.org\/2000\/svg\"><path d=\"M696 533C708 521 713 504 713 487 713 471 708 454 696 446L400 146C388 133 375 125 354 125 338 125 325 129 313 142 300 154 292 171 292 187 292 204 296 221 308 233L563 492 304 771C292 783 288 800 288 817 288 833 296 850 308 863 321 871 338 875 354 875 371 875 388 867 400 854L696 533Z\"><\/path><\/svg>\t\t\t\t\t\t<\/div>\n\t\t\t\t\t\t\t\t\t\t\t\t\t\t\t\t<div class=\"swiper-pagination\"><\/div>\n\t\t\t\t\t\t\t\t\t\t\t\t<\/div>\n\t\t\t\t\t\t\t\t<\/div>\n\t\t\t\t\t<\/div>\n\t\t<\/div>\n\t\t\t\t\t<\/div>\n\t\t<\/section>\n\t\t\t\t<section class=\"elementor-section elementor-top-section elementor-element elementor-element-12826c8 elementor-section-boxed elementor-section-height-default elementor-section-height-default\" data-id=\"12826c8\" data-element_type=\"section\" data-e-type=\"section\">\n\t\t\t\t\t\t<div class=\"elementor-container elementor-column-gap-default\">\n\t\t\t\t\t<div class=\"elementor-column elementor-col-100 elementor-top-column elementor-element elementor-element-58c9483\" data-id=\"58c9483\" data-element_type=\"column\" data-e-type=\"column\">\n\t\t\t<div class=\"elementor-widget-wrap elementor-element-populated\">\n\t\t\t\t\t\t<div class=\"elementor-element elementor-element-c0b0d76 elementor-widget elementor-widget-text-editor\" data-id=\"c0b0d76\" data-element_type=\"widget\" data-e-type=\"widget\" data-widget_type=\"text-editor.default\">\n\t\t\t\t\t\t\t\t\t<p style=\"text-align: justify;\"><span style=\"color: var( --e-global-color-text ); font-family: var( --e-global-typography-text-font-family ), Sans-serif; font-weight: var( --e-global-typography-text-font-weight ); letter-spacing: 0px;\">Nous voulons \u00eatre aussi transparents que possible sur nos produits et nous allons donc vous les expliquer en d\u00e9tail dans cet article.<\/span><\/p>\n<p style=\"text-align: justify;\">Nous sommes tr\u00e8s exigeants <span style=\"font-weight: bolder;\">sur les conditions de cr\u00e9ation de nos fils<\/span>,<span style=\"font-weight: bolder;\"> et sur leur qualit\u00e9<\/span>. C&rsquo;est donc ce qui a pris le plus de temps lors de l&rsquo;\u00e9laboration de ce projet : trouver les filsl qui r\u00e9pondent vraiment \u00e0 nos attentes et qui vous plairont.<\/p>\n<p style=\"text-align: justify;\"><span style=\"font-weight: bolder;\">Les mati\u00e8res premi\u00e8res de ces fils actuels proviennent d&rsquo;Afrique du Sud<\/span>. Pourquoi l&rsquo;Afrique du Sud ? Tout simplement parce que le mouton m\u00e9rinos et la ch\u00e8vre angora ne sont pas originaires d&rsquo;Europe, et que ces mati\u00e8res premi\u00e8res proviennent presque toujours d&rsquo;Afrique du Sud ou d&rsquo;Am\u00e9rique du Sud principalement (mais aussi d&rsquo;Australie ou de Nouvelle-Z\u00e9lande). Il existe quelques fermes en Angleterre ou en France (M\u00e9rinos d&rsquo;Arles par exemple), mais pas forc\u00e9ment assez pour pouvoir d\u00e9velopper une laine sp\u00e9cifique pour toutes les marques qui souhaitent se lancer, \u00e0 un prix abordable et avec la qualit\u00e9 que nous voulons vous offrir. Notez que ce n&rsquo;est pas parce qu&rsquo;une laine est not\u00e9e comme fil\u00e9e ou teinte (ou les deux) en Europe, que la mati\u00e8re premi\u00e8re provient de l\u00e0.<\/p>\n<p style=\"text-align: justify;\"><span data-text-color=\"success\"><br \/>\n  <span style=\"font-weight: bolder;\">Nous travaillons avec des filatures certifi\u00e9es<\/span><br \/>\n<\/span> (RMS\/RWS\/REACH et OEKO-TEX, voir ci-dessous), et gr\u00e2ce \u00e0 cela, nous avons pu d\u00e9velopper notre propre fil exclusif, en choisissant les bases et en cr\u00e9ant nos propres couleurs Along Avec Anna !<\/p>\n<p style=\"text-align: justify;\">Ces filatures nous permettent de travailler avec des exploitations dont les pratiques respectent les certifications mentionn\u00e9es, et <span data-text-color=\"success\"><br \/>\n  <span style=\"font-weight: bolder;\">qui assurent le bien-\u00eatre des animaux, des hommes et de l&rsquo;environnement<\/span><br \/>\n<\/span>.<\/p>\n<p style=\"text-align: justify;\">Les colorants utilis\u00e9s pour les couleurs sont <span data-text-color=\"success\"><br \/>\n  <span style=\"font-weight: bolder;\">sans APEO et conformes aux normes REACH<\/span><br \/>\n<\/span>. Des alternatives \u00ab\u00a0vertes\u00a0\u00bb sont donc utilis\u00e9es pour teindre nos fils et de r\u00e9els efforts sont faits par nos filatures pour r\u00e9utiliser et \u00e9conomiser l&rsquo;eau pendant tous les processus de cr\u00e9ation de la laine. Une approche v\u00e9ritablement durable a donc \u00e9t\u00e9 mise en place pour pr\u00e9server les ressources locales et mondiales.<\/p>\n\t\t\t\t\t\t\t\t<\/div>\n\t\t\t\t\t<\/div>\n\t\t<\/div>\n\t\t\t\t\t<\/div>\n\t\t<\/section>\n\t\t\t\t<section class=\"elementor-section elementor-top-section elementor-element elementor-element-702f3d0 elementor-section-boxed elementor-section-height-default elementor-section-height-default\" data-id=\"702f3d0\" data-element_type=\"section\" data-e-type=\"section\">\n\t\t\t\t\t\t<div class=\"elementor-container elementor-column-gap-default\">\n\t\t\t\t\t<div class=\"elementor-column elementor-col-100 elementor-top-column elementor-element elementor-element-7bb68df\" data-id=\"7bb68df\" data-element_type=\"column\" data-e-type=\"column\">\n\t\t\t<div class=\"elementor-widget-wrap elementor-element-populated\">\n\t\t\t\t\t\t<div class=\"elementor-element elementor-element-d7902ce elementor-widget elementor-widget-image\" data-id=\"d7902ce\" data-element_type=\"widget\" data-e-type=\"widget\" data-widget_type=\"image.default\">\n\t\t\t\t\t\t\t\t\t\t\t\t\t\t\t<img fetchpriority=\"high\" decoding=\"async\" width=\"800\" height=\"534\" src=\"https:\/\/www.alongavecanna.com\/wp-content\/uploads\/2021\/11\/Goat-1024x684.jpg\" class=\"attachment-large size-large wp-image-52482\" alt=\"\" srcset=\"https:\/\/www.alongavecanna.com\/wp-content\/uploads\/2021\/11\/Goat-1024x684.jpg 1024w, https:\/\/www.alongavecanna.com\/wp-content\/uploads\/2021\/11\/Goat-300x200.jpg 300w, https:\/\/www.alongavecanna.com\/wp-content\/uploads\/2021\/11\/Goat-768x513.jpg 768w, https:\/\/www.alongavecanna.com\/wp-content\/uploads\/2021\/11\/Goat-1536x1025.jpg 1536w, https:\/\/www.alongavecanna.com\/wp-content\/uploads\/2021\/11\/Goat-600x400.jpg 600w, https:\/\/www.alongavecanna.com\/wp-content\/uploads\/2021\/11\/Goat.jpg 2048w\" sizes=\"(max-width: 800px) 100vw, 800px\" \/>\t\t\t\t\t\t\t\t\t\t\t\t\t\t\t<\/div>\n\t\t\t\t\t<\/div>\n\t\t<\/div>\n\t\t\t\t\t<\/div>\n\t\t<\/section>\n\t\t\t\t<section class=\"elementor-section elementor-top-section elementor-element elementor-element-adbad5e elementor-section-boxed elementor-section-height-default elementor-section-height-default\" data-id=\"adbad5e\" data-element_type=\"section\" data-e-type=\"section\">\n\t\t\t\t\t\t<div class=\"elementor-container elementor-column-gap-default\">\n\t\t\t\t\t<div class=\"elementor-column elementor-col-100 elementor-top-column elementor-element elementor-element-3d3490e\" data-id=\"3d3490e\" data-element_type=\"column\" data-e-type=\"column\">\n\t\t\t<div class=\"elementor-widget-wrap elementor-element-populated\">\n\t\t\t\t\t\t<div class=\"elementor-element elementor-element-9316315 elementor-widget elementor-widget-text-editor\" data-id=\"9316315\" data-element_type=\"widget\" data-e-type=\"widget\" data-widget_type=\"text-editor.default\">\n\t\t\t\t\t\t\t\t\t<p><strong>Quelles sont donc nos bases et leurs sp\u00e9cificit\u00e9s<\/strong>? Nous en avons actuellement trois, qui peuvent \u00eatre utilis\u00e9es ensemble ou s\u00e9par\u00e9ment, pour tricoter tous les mod\u00e8les d&rsquo;Along avec Anna.<\/p>\n<p><strong>Avec MERINO (fingering)<\/strong>, vous pouvez tricoter le cardigan Margot, Dandelion (Lady Mademoiselle), le d\u00e9bardeur Posy, ou encore le d\u00e9bardeur Cam\u00e9lia (et bien d&rsquo;autres) !<\/p>\t\t\t\t\t\t\t\t<\/div>\n\t\t\t\t\t<\/div>\n\t\t<\/div>\n\t\t\t\t\t<\/div>\n\t\t<\/section>\n\t\t\t\t<section class=\"elementor-section elementor-top-section elementor-element elementor-element-8907b48 elementor-section-boxed elementor-section-height-default elementor-section-height-default\" data-id=\"8907b48\" data-element_type=\"section\" data-e-type=\"section\">\n\t\t\t\t\t\t<div class=\"elementor-container elementor-column-gap-default\">\n\t\t\t\t\t<div class=\"elementor-column elementor-col-100 elementor-top-column elementor-element elementor-element-5b14707\" data-id=\"5b14707\" data-element_type=\"column\" data-e-type=\"column\">\n\t\t\t<div class=\"elementor-widget-wrap elementor-element-populated\">\n\t\t\t\t\t\t<div class=\"elementor-element elementor-element-10aa1f5 elementor-widget elementor-widget-text-editor\" data-id=\"10aa1f5\" data-element_type=\"widget\" data-e-type=\"widget\" data-widget_type=\"text-editor.default\">\n\t\t\t\t\t\t\t\t\t<p><span style=\"font-weight: bolder; color: var( --e-global-color-text ); font-family: var( --e-global-typography-text-font-family ), Sans-serif; letter-spacing: 0px; text-align: justify;\">En tricotant du SILK MOHAIR et du MERINO (fingering) tenus ensemble<\/span><span style=\"color: var( --e-global-color-text ); font-family: var( --e-global-typography-text-font-family ), Sans-serif; font-weight: var( --e-global-typography-text-font-weight ); letter-spacing: 0px; text-align: justify;\">vous pouvez tricoter le Silver Leaf Cardigan, le Trescao (Jumper), le Rosa (Little), le Sterenn Beret et bien d&rsquo;autres encore.<\/span><\/p>\n\t\t\t\t\t\t\t\t<\/div>\n\t\t\t\t\t<\/div>\n\t\t<\/div>\n\t\t\t\t\t<\/div>\n\t\t<\/section>\n\t\t\t\t<section class=\"elementor-section elementor-top-section elementor-element elementor-element-3e14878 elementor-section-boxed elementor-section-height-default elementor-section-height-default\" data-id=\"3e14878\" data-element_type=\"section\" data-e-type=\"section\">\n\t\t\t\t\t\t<div class=\"elementor-container elementor-column-gap-default\">\n\t\t\t\t\t<div class=\"elementor-column elementor-col-100 elementor-top-column elementor-element elementor-element-1152692\" data-id=\"1152692\" data-element_type=\"column\" data-e-type=\"column\">\n\t\t\t<div class=\"elementor-widget-wrap\">\n\t\t\t\t\t\t\t<\/div>\n\t\t<\/div>\n\t\t\t\t\t<\/div>\n\t\t<\/section>\n\t\t\t\t<section class=\"elementor-section elementor-top-section elementor-element elementor-element-c177c35 elementor-section-boxed elementor-section-height-default elementor-section-height-default\" data-id=\"c177c35\" data-element_type=\"section\" data-e-type=\"section\">\n\t\t\t\t\t\t<div class=\"elementor-container elementor-column-gap-default\">\n\t\t\t\t\t<div class=\"elementor-column elementor-col-100 elementor-top-column elementor-element elementor-element-28c6dda\" data-id=\"28c6dda\" data-element_type=\"column\" data-e-type=\"column\">\n\t\t\t<div class=\"elementor-widget-wrap elementor-element-populated\">\n\t\t\t\t\t\t<div class=\"elementor-element elementor-element-ddc1f61 elementor-widget elementor-widget-text-editor\" data-id=\"ddc1f61\" data-element_type=\"widget\" data-e-type=\"widget\" data-widget_type=\"text-editor.default\">\n\t\t\t\t\t\t\t\t\t<p><span style=\"font-weight: bolder; color: var( --e-global-color-text ); font-family: var( --e-global-typography-text-font-family ), Sans-serif; letter-spacing: 0px; text-align: justify;\">Si vous voulez tricoter deux brins de Silk Mohair tenus ensemble<\/span><span style=\"color: var( --e-global-color-text ); font-family: var( --e-global-typography-text-font-family ), Sans-serif; font-weight: var( --e-global-typography-text-font-weight ); letter-spacing: 0px; text-align: justify;\">vous pouvez tricoter notre Rosa Bridal, ou notre Snow Drop Cardigan.<\/span><\/p>\n\t\t\t\t\t\t\t\t<\/div>\n\t\t\t\t\t<\/div>\n\t\t<\/div>\n\t\t\t\t\t<\/div>\n\t\t<\/section>\n\t\t\t\t<section class=\"elementor-section elementor-top-section elementor-element elementor-element-d221db2 elementor-section-boxed elementor-section-height-default elementor-section-height-default\" data-id=\"d221db2\" data-element_type=\"section\" data-e-type=\"section\">\n\t\t\t\t\t\t<div class=\"elementor-container elementor-column-gap-default\">\n\t\t\t\t\t<div class=\"elementor-column elementor-col-100 elementor-top-column elementor-element elementor-element-fa42c39\" data-id=\"fa42c39\" data-element_type=\"column\" data-e-type=\"column\">\n\t\t\t<div class=\"elementor-widget-wrap\">\n\t\t\t\t\t\t\t<\/div>\n\t\t<\/div>\n\t\t\t\t\t<\/div>\n\t\t<\/section>\n\t\t\t\t<section class=\"elementor-section elementor-top-section elementor-element elementor-element-45e01ad elementor-section-boxed elementor-section-height-default elementor-section-height-default\" data-id=\"45e01ad\" data-element_type=\"section\" data-e-type=\"section\">\n\t\t\t\t\t\t<div class=\"elementor-container elementor-column-gap-default\">\n\t\t\t\t\t<div class=\"elementor-column elementor-col-100 elementor-top-column elementor-element elementor-element-a428c2b\" data-id=\"a428c2b\" data-element_type=\"column\" data-e-type=\"column\">\n\t\t\t<div class=\"elementor-widget-wrap elementor-element-populated\">\n\t\t\t\t\t\t<div class=\"elementor-element elementor-element-5ab1141 elementor-widget elementor-widget-text-editor\" data-id=\"5ab1141\" data-element_type=\"widget\" data-e-type=\"widget\" data-widget_type=\"text-editor.default\">\n\t\t\t\t\t\t\t\t\t<p style=\"text-align: justify;\"><span style=\"font-weight: bolder;\">Et un seul fil de Double Merino<\/span>? Vous pourriez tricoter tous nos mod\u00e8les pour enfants !<\/p>\n<p style=\"text-align: justify;\"><span style=\"font-weight: bolder;\">Et si vous utilisiez le Double Merino avec le Silk Mohair<\/span>? Vous pourriez tricoter le ch\u00e2le ou le pull Blossom !<\/p>\n\t\t\t\t\t\t\t\t<\/div>\n\t\t\t\t\t<\/div>\n\t\t<\/div>\n\t\t\t\t\t<\/div>\n\t\t<\/section>\n\t\t\t\t<section class=\"elementor-section elementor-top-section elementor-element elementor-element-51ad8e8 elementor-section-boxed elementor-section-height-default elementor-section-height-default\" data-id=\"51ad8e8\" data-element_type=\"section\" data-e-type=\"section\">\n\t\t\t\t\t\t<div class=\"elementor-container elementor-column-gap-default\">\n\t\t\t\t\t<div class=\"elementor-column elementor-col-100 elementor-top-column elementor-element elementor-element-d48a0a4\" data-id=\"d48a0a4\" data-element_type=\"column\" data-e-type=\"column\">\n\t\t\t<div class=\"elementor-widget-wrap elementor-element-populated\">\n\t\t\t\t\t\t<div class=\"elementor-element elementor-element-80f33d7 elementor-widget elementor-widget-image\" data-id=\"80f33d7\" data-element_type=\"widget\" data-e-type=\"widget\" data-widget_type=\"image.default\">\n\t\t\t\t\t\t\t\t\t\t\t\t\t\t\t<img decoding=\"async\" width=\"800\" height=\"534\" src=\"https:\/\/www.alongavecanna.com\/wp-content\/uploads\/2023\/01\/along-avec-anna-weronika-karczewska-product-photography-0-96-1-1024x683.jpg\" class=\"attachment-large size-large wp-image-51051\" alt=\"\" srcset=\"https:\/\/www.alongavecanna.com\/wp-content\/uploads\/2023\/01\/along-avec-anna-weronika-karczewska-product-photography-0-96-1-1024x683.jpg 1024w, https:\/\/www.alongavecanna.com\/wp-content\/uploads\/2023\/01\/along-avec-anna-weronika-karczewska-product-photography-0-96-1-600x400.jpg 600w, https:\/\/www.alongavecanna.com\/wp-content\/uploads\/2023\/01\/along-avec-anna-weronika-karczewska-product-photography-0-96-1-300x200.jpg 300w, https:\/\/www.alongavecanna.com\/wp-content\/uploads\/2023\/01\/along-avec-anna-weronika-karczewska-product-photography-0-96-1-768x513.jpg 768w, https:\/\/www.alongavecanna.com\/wp-content\/uploads\/2023\/01\/along-avec-anna-weronika-karczewska-product-photography-0-96-1.jpg 1500w\" sizes=\"(max-width: 800px) 100vw, 800px\" \/>\t\t\t\t\t\t\t\t\t\t\t\t\t\t\t<\/div>\n\t\t\t\t\t<\/div>\n\t\t<\/div>\n\t\t\t\t\t<\/div>\n\t\t<\/section>\n\t\t\t\t<section class=\"elementor-section elementor-top-section elementor-element elementor-element-fed0683 elementor-section-boxed elementor-section-height-default elementor-section-height-default\" data-id=\"fed0683\" data-element_type=\"section\" data-e-type=\"section\">\n\t\t\t\t\t\t<div class=\"elementor-container elementor-column-gap-default\">\n\t\t\t\t\t<div class=\"elementor-column elementor-col-100 elementor-top-column elementor-element elementor-element-6af1719a\" data-id=\"6af1719a\" data-element_type=\"column\" data-e-type=\"column\">\n\t\t\t<div class=\"elementor-widget-wrap elementor-element-populated\">\n\t\t\t\t\t\t<div class=\"elementor-element elementor-element-32c88ea elementor-widget elementor-widget-heading\" data-id=\"32c88ea\" data-element_type=\"widget\" data-e-type=\"widget\" data-widget_type=\"heading.default\">\n\t\t\t\t\t<h2 class=\"elementor-heading-title elementor-size-default\"><h4 style=\"font-family: Roboto, sans-serif;white-space: normal;text-align: center\"><em>Que signifient les certifications mentionn\u00e9es ?<\/em><\/h4><\/h2>\t\t\t\t<\/div>\n\t\t\t\t<div class=\"elementor-element elementor-element-2b675e1a elementor-widget elementor-widget-text-editor\" data-id=\"2b675e1a\" data-element_type=\"widget\" data-e-type=\"widget\" data-widget_type=\"text-editor.default\">\n\t\t\t\t\t\t\t\t\t<h4 style=\"text-align: center;\"><strong style=\"color: var( --e-global-color-text ); font-family: var( --e-global-typography-text-font-family ), Sans-serif; font-size: 16px; letter-spacing: 0px;\">RESPONSIBLE MOHAIR STANDARD (RMS) &amp; <\/strong><strong style=\"color: var( --e-global-color-text ); font-family: var( --e-global-typography-text-font-family ), Sans-serif; letter-spacing: 0px; font-size: 16px;\">LAINE (RWS)<\/strong><\/h4>\n<p style=\"text-align: justify;\">Le Responsible Mohair Standard et le Responsible Wool Standard permettent d&rsquo;assurer le bien-\u00eatre des ch\u00e8vres pour la production de Mohair ou des moutons pour la production de laine.<\/p>\n<p style=\"text-align: justify;\">Ces \u00e9tiquettes garantissent :<\/p>\n<ul>\n<li style=\"text-align: justify;\">Une meilleure pratique en mati\u00e8re de gestion des terres<\/li>\n<li style=\"text-align: justify;\">Respect du bien-\u00eatre des ch\u00e8vres (\u00e9levage, tonte, fin de vie) &amp; respect du bien-\u00eatre des moutons (\u00e9levage, interdiction du mulesing, tonte, fin de vie)<\/li>\n<\/ul>\n<p style=\"text-align: center;\"><b> <\/b><\/p>\n<p style=\"text-align: center;\"><b style=\"color: var( --e-global-color-text ); font-family: var( --e-global-typography-text-font-family ), Sans-serif; letter-spacing: 0px;\">NORME REACH<\/b><\/p>\n<p style=\"text-align: justify;\">REACH est un r\u00e8glement europ\u00e9en (r\u00e8glement n\u00b01907\/2006) qui est entr\u00e9 en vigueur en 2007 pour s\u00e9curiser la fabrication et l&rsquo;utilisation des substances chimiques dans l&rsquo;industrie europ\u00e9enne.<\/p>\n<p style=\"text-align: justify;\">Ses objectifs sont les suivants :<\/p>\n<ul>\n<li style=\"text-align: justify;\">Prot\u00e9ger la sant\u00e9 humaine et l&rsquo;environnement contre les risques potentiels des substances chimiques ;<\/li>\n<li style=\"text-align: justify;\">Mettre en place une information identique et transparente sur la nature et les risques des substances, en tant que telles ou dans un m\u00e9lange, du fournisseur au client final ;<\/li>\n<li style=\"text-align: justify;\">S\u00e9curiser la manipulation des substances chimiques par les employ\u00e9s ;<\/li>\n<li style=\"text-align: justify;\">Renforcer la comp\u00e9titivit\u00e9 de l&rsquo;industrie, en particulier l&rsquo;industrie chimique, un secteur cl\u00e9 de l&rsquo;\u00e9conomie en Europe.<\/li>\n<\/ul>\n<p style=\"text-align: center;\"><b> <\/b><\/p>\n<p style=\"text-align: center;\"><b>OEKO-TEX<\/b><\/p>\n<p style=\"text-align: justify;\">OEKO-TEX est un label de qualit\u00e9 comprenant plusieurs normes techniques, visant \u00e0 certifier les qualit\u00e9s sanitaires et \u00e9cologiques des textiles et du cuir, garantissant l&rsquo;absence de produits toxiques pour le corps et l&rsquo;environnement.<\/p>\n\t\t\t\t\t\t\t\t<\/div>\n\t\t\t\t\t<\/div>\n\t\t<\/div>\n\t\t\t\t\t<\/div>\n\t\t<\/section>\n\t\t\t\t<section class=\"elementor-section elementor-top-section elementor-element elementor-element-0eefb6e elementor-section-boxed elementor-section-height-default elementor-section-height-default\" data-id=\"0eefb6e\" data-element_type=\"section\" data-e-type=\"section\">\n\t\t\t\t\t\t<div class=\"elementor-container elementor-column-gap-default\">\n\t\t\t\t\t<div class=\"elementor-column elementor-col-100 elementor-top-column elementor-element elementor-element-500ac4c\" data-id=\"500ac4c\" data-element_type=\"column\" data-e-type=\"column\">\n\t\t\t<div class=\"elementor-widget-wrap elementor-element-populated\">\n\t\t\t\t\t\t<div class=\"elementor-element elementor-element-b999376 elementor-widget elementor-widget-text-editor\" data-id=\"b999376\" data-element_type=\"widget\" data-e-type=\"widget\" data-widget_type=\"text-editor.default\">\n\t\t\t\t\t\t\t\t\t<p style=\"text-align: center;\">Nous esp\u00e9rons avoir r\u00e9pondu \u00e0 la plupart de vos questions.<\/p>\n<p style=\"text-align: center;\">sur notre laine et que vous l&rsquo;aimerez !<\/p>\n\t\t\t\t\t\t\t\t<\/div>\n\t\t\t\t\t<\/div>\n\t\t<\/div>\n\t\t\t\t\t<\/div>\n\t\t<\/section>\n\t\t\t\t<section class=\"elementor-section elementor-top-section elementor-element elementor-element-9f52ae9 elementor-section-boxed elementor-section-height-default elementor-section-height-default\" data-id=\"9f52ae9\" data-element_type=\"section\" data-e-type=\"section\">\n\t\t\t\t\t\t<div class=\"elementor-container elementor-column-gap-default\">\n\t\t\t\t\t<div class=\"elementor-column elementor-col-100 elementor-top-column elementor-element elementor-element-037f386\" data-id=\"037f386\" data-element_type=\"column\" data-e-type=\"column\">\n\t\t\t<div class=\"elementor-widget-wrap elementor-element-populated\">\n\t\t\t\t\t\t<div class=\"elementor-element elementor-element-8de48a6 elementor-align-center elementor-widget elementor-widget-button\" data-id=\"8de48a6\" data-element_type=\"widget\" data-e-type=\"widget\" data-widget_type=\"button.default\">\n\t\t\t\t\t\t\t\t\t\t<a class=\"elementor-button elementor-button-link elementor-size-sm\" href=\"#\">\n\t\t\t\t\t\t<span class=\"elementor-button-content-wrapper\">\n\t\t\t\t\t\t\t\t\t<span class=\"elementor-button-text\">D\u00c9COUVRIR LA LAINE<\/span>\n\t\t\t\t\t<\/span>\n\t\t\t\t\t<\/a>\n\t\t\t\t\t\t\t\t<\/div>\n\t\t\t\t\t<\/div>\n\t\t<\/div>\n\t\t\t\t\t<\/div>\n\t\t<\/section>\n\t\t\t\t<section class=\"elementor-section elementor-top-section elementor-element elementor-element-69cceb4 elementor-section-boxed elementor-section-height-default elementor-section-height-default\" data-id=\"69cceb4\" data-element_type=\"section\" data-e-type=\"section\">\n\t\t\t\t\t\t<div class=\"elementor-container elementor-column-gap-default\">\n\t\t\t\t\t<div class=\"elementor-column elementor-col-100 elementor-top-column elementor-element elementor-element-24c3d46\" data-id=\"24c3d46\" data-element_type=\"column\" data-e-type=\"column\">\n\t\t\t<div class=\"elementor-widget-wrap elementor-element-populated\">\n\t\t\t\t\t\t<div class=\"elementor-element elementor-element-ce0f37a elementor-widget elementor-widget-spacer\" data-id=\"ce0f37a\" data-element_type=\"widget\" data-e-type=\"widget\" data-widget_type=\"spacer.default\">\n\t\t\t\t\t\t\t<div class=\"elementor-spacer\">\n\t\t\t<div class=\"elementor-spacer-inner\"><\/div>\n\t\t<\/div>\n\t\t\t\t\t\t<\/div>\n\t\t\t\t\t<\/div>\n\t\t<\/div>\n\t\t\t\t\t<\/div>\n\t\t<\/section>\n\t\t\t\t<\/div>\n\t\t","protected":false},"excerpt":{"rendered":"<p>Les laines ALONG AVEC ANNA sont des fibres naturelles,&nbsp;disponibles en trois bases : &nbsp;Silk Mohair (lace), Merino (fingering) et Double Merino (DK)d&rsquo;une qualit\u00e9 et d&rsquo;une douceur exceptionnelles, \u00e0 un prix abordable. Des fils produits de mani\u00e8re \u00e9thique, qui vous permettront de tricoter de magnifiques projets !&nbsp;Ils sont actuellement disponibles en 12 magnifiques couleurs&nbsp;, \u00e0 la [&hellip;]<\/p>\n","protected":false},"author":10908,"featured_media":55059,"comment_status":"open","ping_status":"closed","sticky":false,"template":"","format":"standard","meta":{"footnotes":""},"categories":[326,327],"tags":[],"class_list":["post-51816","post","type-post","status-publish","format-standard","has-post-thumbnail","hentry","category-blog-fr","category-les-coulisses-de-la-marque"],"yoast_head":"<!-- This site is optimized with the Yoast SEO plugin v27.4 - https:\/\/yoast.com\/product\/yoast-seo-wordpress\/ -->\n<title>\u00c0 propos des laines Along avec Anna - Along Avec Anna<\/title>\n<meta name=\"robots\" content=\"index, follow, max-snippet:-1, max-image-preview:large, max-video-preview:-1\" \/>\n<link rel=\"canonical\" href=\"https:\/\/www.alongavecanna.com\/fr\/2021\/11\/02\/all-about-along-avec-anna-yarn\/\" \/>\n<meta property=\"og:locale\" content=\"fr_FR\" \/>\n<meta property=\"og:type\" content=\"article\" \/>\n<meta property=\"og:title\" content=\"\u00c0 propos des laines Along avec Anna - Along Avec Anna\" \/>\n<meta property=\"og:description\" content=\"Les laines ALONG AVEC ANNA sont des fibres naturelles,&nbsp;disponibles en trois bases : &nbsp;Silk Mohair (lace), Merino (fingering) et Double Merino (DK)d&rsquo;une qualit\u00e9 et d&rsquo;une douceur exceptionnelles, \u00e0 un prix abordable. Des fils produits de mani\u00e8re \u00e9thique, qui vous permettront de tricoter de magnifiques projets !&nbsp;Ils sont actuellement disponibles en 12 magnifiques couleurs&nbsp;, \u00e0 la [&hellip;]\" \/>\n<meta property=\"og:url\" content=\"https:\/\/www.alongavecanna.com\/fr\/2021\/11\/02\/all-about-along-avec-anna-yarn\/\" \/>\n<meta property=\"og:site_name\" content=\"Along Avec Anna\" \/>\n<meta property=\"article:publisher\" content=\"https:\/\/facebook.com\/alongavecanna\" \/>\n<meta property=\"article:published_time\" content=\"2021-11-02T20:00:11+00:00\" \/>\n<meta property=\"article:modified_time\" content=\"2023-02-11T22:22:08+00:00\" \/>\n<meta property=\"og:image\" content=\"https:\/\/www.alongavecanna.com\/wp-content\/uploads\/2023\/02\/along-avec-anna-yarn-crafts-weronika-karczewska-product-photography-0-27-scaled.jpg\" \/>\n\t<meta property=\"og:image:width\" content=\"2560\" \/>\n\t<meta property=\"og:image:height\" content=\"1709\" \/>\n\t<meta property=\"og:image:type\" content=\"image\/jpeg\" \/>\n<meta name=\"author\" content=\"Anna\" \/>\n<meta name=\"twitter:card\" content=\"summary_large_image\" \/>\n<meta name=\"twitter:label1\" content=\"\u00c9crit par\" \/>\n\t<meta name=\"twitter:data1\" content=\"Anna\" \/>\n\t<meta name=\"twitter:label2\" content=\"Dur\u00e9e de lecture estim\u00e9e\" \/>\n\t<meta name=\"twitter:data2\" content=\"4 minutes\" \/>\n<script type=\"application\/ld+json\" class=\"yoast-schema-graph\">{\"@context\":\"https:\\\/\\\/schema.org\",\"@graph\":[{\"@type\":\"Article\",\"@id\":\"https:\\\/\\\/www.alongavecanna.com\\\/fr\\\/2021\\\/11\\\/02\\\/all-about-along-avec-anna-yarn\\\/#article\",\"isPartOf\":{\"@id\":\"https:\\\/\\\/www.alongavecanna.com\\\/fr\\\/2021\\\/11\\\/02\\\/all-about-along-avec-anna-yarn\\\/\"},\"author\":{\"name\":\"Anna\",\"@id\":\"https:\\\/\\\/www.alongavecanna.com\\\/fr\\\/#\\\/schema\\\/person\\\/330de06dbb59a0699d7832a02180d3a3\"},\"headline\":\"\u00c0 propos des laines Along avec Anna\",\"datePublished\":\"2021-11-02T20:00:11+00:00\",\"dateModified\":\"2023-02-11T22:22:08+00:00\",\"mainEntityOfPage\":{\"@id\":\"https:\\\/\\\/www.alongavecanna.com\\\/fr\\\/2021\\\/11\\\/02\\\/all-about-along-avec-anna-yarn\\\/\"},\"wordCount\":844,\"commentCount\":0,\"publisher\":{\"@id\":\"https:\\\/\\\/www.alongavecanna.com\\\/fr\\\/#organization\"},\"image\":{\"@id\":\"https:\\\/\\\/www.alongavecanna.com\\\/fr\\\/2021\\\/11\\\/02\\\/all-about-along-avec-anna-yarn\\\/#primaryimage\"},\"thumbnailUrl\":\"https:\\\/\\\/www.alongavecanna.com\\\/wp-content\\\/uploads\\\/2023\\\/02\\\/along-avec-anna-yarn-crafts-weronika-karczewska-product-photography-0-27-scaled.jpg\",\"articleSection\":[\"Blog\",\"Les coulisses de la marque\"],\"inLanguage\":\"fr-FR\",\"potentialAction\":[{\"@type\":\"CommentAction\",\"name\":\"Comment\",\"target\":[\"https:\\\/\\\/www.alongavecanna.com\\\/fr\\\/2021\\\/11\\\/02\\\/all-about-along-avec-anna-yarn\\\/#respond\"]}]},{\"@type\":\"WebPage\",\"@id\":\"https:\\\/\\\/www.alongavecanna.com\\\/fr\\\/2021\\\/11\\\/02\\\/all-about-along-avec-anna-yarn\\\/\",\"url\":\"https:\\\/\\\/www.alongavecanna.com\\\/fr\\\/2021\\\/11\\\/02\\\/all-about-along-avec-anna-yarn\\\/\",\"name\":\"\u00c0 propos des laines Along avec Anna - Along Avec Anna\",\"isPartOf\":{\"@id\":\"https:\\\/\\\/www.alongavecanna.com\\\/fr\\\/#website\"},\"primaryImageOfPage\":{\"@id\":\"https:\\\/\\\/www.alongavecanna.com\\\/fr\\\/2021\\\/11\\\/02\\\/all-about-along-avec-anna-yarn\\\/#primaryimage\"},\"image\":{\"@id\":\"https:\\\/\\\/www.alongavecanna.com\\\/fr\\\/2021\\\/11\\\/02\\\/all-about-along-avec-anna-yarn\\\/#primaryimage\"},\"thumbnailUrl\":\"https:\\\/\\\/www.alongavecanna.com\\\/wp-content\\\/uploads\\\/2023\\\/02\\\/along-avec-anna-yarn-crafts-weronika-karczewska-product-photography-0-27-scaled.jpg\",\"datePublished\":\"2021-11-02T20:00:11+00:00\",\"dateModified\":\"2023-02-11T22:22:08+00:00\",\"breadcrumb\":{\"@id\":\"https:\\\/\\\/www.alongavecanna.com\\\/fr\\\/2021\\\/11\\\/02\\\/all-about-along-avec-anna-yarn\\\/#breadcrumb\"},\"inLanguage\":\"fr-FR\",\"potentialAction\":[{\"@type\":\"ReadAction\",\"target\":[\"https:\\\/\\\/www.alongavecanna.com\\\/fr\\\/2021\\\/11\\\/02\\\/all-about-along-avec-anna-yarn\\\/\"]}]},{\"@type\":\"ImageObject\",\"inLanguage\":\"fr-FR\",\"@id\":\"https:\\\/\\\/www.alongavecanna.com\\\/fr\\\/2021\\\/11\\\/02\\\/all-about-along-avec-anna-yarn\\\/#primaryimage\",\"url\":\"https:\\\/\\\/www.alongavecanna.com\\\/wp-content\\\/uploads\\\/2023\\\/02\\\/along-avec-anna-yarn-crafts-weronika-karczewska-product-photography-0-27-scaled.jpg\",\"contentUrl\":\"https:\\\/\\\/www.alongavecanna.com\\\/wp-content\\\/uploads\\\/2023\\\/02\\\/along-avec-anna-yarn-crafts-weronika-karczewska-product-photography-0-27-scaled.jpg\",\"width\":2560,\"height\":1709},{\"@type\":\"BreadcrumbList\",\"@id\":\"https:\\\/\\\/www.alongavecanna.com\\\/fr\\\/2021\\\/11\\\/02\\\/all-about-along-avec-anna-yarn\\\/#breadcrumb\",\"itemListElement\":[{\"@type\":\"ListItem\",\"position\":1,\"name\":\"Home\",\"item\":\"https:\\\/\\\/www.alongavecanna.com\\\/fr\\\/\"},{\"@type\":\"ListItem\",\"position\":2,\"name\":\"\u00c0 propos des laines Along avec Anna\"}]},{\"@type\":\"WebSite\",\"@id\":\"https:\\\/\\\/www.alongavecanna.com\\\/fr\\\/#website\",\"url\":\"https:\\\/\\\/www.alongavecanna.com\\\/fr\\\/\",\"name\":\"Along Avec Anna\",\"description\":\"Ethical yarn &amp; timeless knitting patterns\",\"publisher\":{\"@id\":\"https:\\\/\\\/www.alongavecanna.com\\\/fr\\\/#organization\"},\"potentialAction\":[{\"@type\":\"SearchAction\",\"target\":{\"@type\":\"EntryPoint\",\"urlTemplate\":\"https:\\\/\\\/www.alongavecanna.com\\\/fr\\\/?s={search_term_string}\"},\"query-input\":{\"@type\":\"PropertyValueSpecification\",\"valueRequired\":true,\"valueName\":\"search_term_string\"}}],\"inLanguage\":\"fr-FR\"},{\"@type\":\"Organization\",\"@id\":\"https:\\\/\\\/www.alongavecanna.com\\\/fr\\\/#organization\",\"name\":\"Along Avec Anna\",\"url\":\"https:\\\/\\\/www.alongavecanna.com\\\/fr\\\/\",\"logo\":{\"@type\":\"ImageObject\",\"inLanguage\":\"fr-FR\",\"@id\":\"https:\\\/\\\/www.alongavecanna.com\\\/fr\\\/#\\\/schema\\\/logo\\\/image\\\/\",\"url\":\"https:\\\/\\\/www.alongavecanna.com\\\/wp-content\\\/uploads\\\/2023\\\/01\\\/logo-along-avec-anna.png\",\"contentUrl\":\"https:\\\/\\\/www.alongavecanna.com\\\/wp-content\\\/uploads\\\/2023\\\/01\\\/logo-along-avec-anna.png\",\"width\":1728,\"height\":627,\"caption\":\"Along Avec Anna\"},\"image\":{\"@id\":\"https:\\\/\\\/www.alongavecanna.com\\\/fr\\\/#\\\/schema\\\/logo\\\/image\\\/\"},\"sameAs\":[\"https:\\\/\\\/facebook.com\\\/alongavecanna\",\"https:\\\/\\\/www.instagram.com\\\/along.avec.anna\\\/\"]},{\"@type\":\"Person\",\"@id\":\"https:\\\/\\\/www.alongavecanna.com\\\/fr\\\/#\\\/schema\\\/person\\\/330de06dbb59a0699d7832a02180d3a3\",\"name\":\"Anna\",\"image\":{\"@type\":\"ImageObject\",\"inLanguage\":\"fr-FR\",\"@id\":\"https:\\\/\\\/secure.gravatar.com\\\/avatar\\\/c20fb399f7c98fe80a81c39fc90f3219cda0407ef5ae1e0a7462714786dca34a?s=96&d=mm&r=g\",\"url\":\"https:\\\/\\\/secure.gravatar.com\\\/avatar\\\/c20fb399f7c98fe80a81c39fc90f3219cda0407ef5ae1e0a7462714786dca34a?s=96&d=mm&r=g\",\"contentUrl\":\"https:\\\/\\\/secure.gravatar.com\\\/avatar\\\/c20fb399f7c98fe80a81c39fc90f3219cda0407ef5ae1e0a7462714786dca34a?s=96&d=mm&r=g\",\"caption\":\"Anna\"},\"sameAs\":[\"http:\\\/\\\/alongavecanna.com\"],\"url\":\"https:\\\/\\\/www.alongavecanna.com\\\/fr\\\/author\\\/vestrahornmountain\\\/\"}]}<\/script>\n<!-- \/ Yoast SEO plugin. -->","yoast_head_json":{"title":"\u00c0 propos des laines Along avec Anna - Along Avec Anna","robots":{"index":"index","follow":"follow","max-snippet":"max-snippet:-1","max-image-preview":"max-image-preview:large","max-video-preview":"max-video-preview:-1"},"canonical":"https:\/\/www.alongavecanna.com\/fr\/2021\/11\/02\/all-about-along-avec-anna-yarn\/","og_locale":"fr_FR","og_type":"article","og_title":"\u00c0 propos des laines Along avec Anna - Along Avec Anna","og_description":"Les laines ALONG AVEC ANNA sont des fibres naturelles,&nbsp;disponibles en trois bases : &nbsp;Silk Mohair (lace), Merino (fingering) et Double Merino (DK)d&rsquo;une qualit\u00e9 et d&rsquo;une douceur exceptionnelles, \u00e0 un prix abordable. Des fils produits de mani\u00e8re \u00e9thique, qui vous permettront de tricoter de magnifiques projets !&nbsp;Ils sont actuellement disponibles en 12 magnifiques couleurs&nbsp;, \u00e0 la [&hellip;]","og_url":"https:\/\/www.alongavecanna.com\/fr\/2021\/11\/02\/all-about-along-avec-anna-yarn\/","og_site_name":"Along Avec Anna","article_publisher":"https:\/\/facebook.com\/alongavecanna","article_published_time":"2021-11-02T20:00:11+00:00","article_modified_time":"2023-02-11T22:22:08+00:00","og_image":[{"width":2560,"height":1709,"url":"https:\/\/www.alongavecanna.com\/wp-content\/uploads\/2023\/02\/along-avec-anna-yarn-crafts-weronika-karczewska-product-photography-0-27-scaled.jpg","type":"image\/jpeg"}],"author":"Anna","twitter_card":"summary_large_image","twitter_misc":{"\u00c9crit par":"Anna","Dur\u00e9e de lecture estim\u00e9e":"4 minutes"},"schema":{"@context":"https:\/\/schema.org","@graph":[{"@type":"Article","@id":"https:\/\/www.alongavecanna.com\/fr\/2021\/11\/02\/all-about-along-avec-anna-yarn\/#article","isPartOf":{"@id":"https:\/\/www.alongavecanna.com\/fr\/2021\/11\/02\/all-about-along-avec-anna-yarn\/"},"author":{"name":"Anna","@id":"https:\/\/www.alongavecanna.com\/fr\/#\/schema\/person\/330de06dbb59a0699d7832a02180d3a3"},"headline":"\u00c0 propos des laines Along avec Anna","datePublished":"2021-11-02T20:00:11+00:00","dateModified":"2023-02-11T22:22:08+00:00","mainEntityOfPage":{"@id":"https:\/\/www.alongavecanna.com\/fr\/2021\/11\/02\/all-about-along-avec-anna-yarn\/"},"wordCount":844,"commentCount":0,"publisher":{"@id":"https:\/\/www.alongavecanna.com\/fr\/#organization"},"image":{"@id":"https:\/\/www.alongavecanna.com\/fr\/2021\/11\/02\/all-about-along-avec-anna-yarn\/#primaryimage"},"thumbnailUrl":"https:\/\/www.alongavecanna.com\/wp-content\/uploads\/2023\/02\/along-avec-anna-yarn-crafts-weronika-karczewska-product-photography-0-27-scaled.jpg","articleSection":["Blog","Les coulisses de la marque"],"inLanguage":"fr-FR","potentialAction":[{"@type":"CommentAction","name":"Comment","target":["https:\/\/www.alongavecanna.com\/fr\/2021\/11\/02\/all-about-along-avec-anna-yarn\/#respond"]}]},{"@type":"WebPage","@id":"https:\/\/www.alongavecanna.com\/fr\/2021\/11\/02\/all-about-along-avec-anna-yarn\/","url":"https:\/\/www.alongavecanna.com\/fr\/2021\/11\/02\/all-about-along-avec-anna-yarn\/","name":"\u00c0 propos des laines Along avec Anna - Along Avec Anna","isPartOf":{"@id":"https:\/\/www.alongavecanna.com\/fr\/#website"},"primaryImageOfPage":{"@id":"https:\/\/www.alongavecanna.com\/fr\/2021\/11\/02\/all-about-along-avec-anna-yarn\/#primaryimage"},"image":{"@id":"https:\/\/www.alongavecanna.com\/fr\/2021\/11\/02\/all-about-along-avec-anna-yarn\/#primaryimage"},"thumbnailUrl":"https:\/\/www.alongavecanna.com\/wp-content\/uploads\/2023\/02\/along-avec-anna-yarn-crafts-weronika-karczewska-product-photography-0-27-scaled.jpg","datePublished":"2021-11-02T20:00:11+00:00","dateModified":"2023-02-11T22:22:08+00:00","breadcrumb":{"@id":"https:\/\/www.alongavecanna.com\/fr\/2021\/11\/02\/all-about-along-avec-anna-yarn\/#breadcrumb"},"inLanguage":"fr-FR","potentialAction":[{"@type":"ReadAction","target":["https:\/\/www.alongavecanna.com\/fr\/2021\/11\/02\/all-about-along-avec-anna-yarn\/"]}]},{"@type":"ImageObject","inLanguage":"fr-FR","@id":"https:\/\/www.alongavecanna.com\/fr\/2021\/11\/02\/all-about-along-avec-anna-yarn\/#primaryimage","url":"https:\/\/www.alongavecanna.com\/wp-content\/uploads\/2023\/02\/along-avec-anna-yarn-crafts-weronika-karczewska-product-photography-0-27-scaled.jpg","contentUrl":"https:\/\/www.alongavecanna.com\/wp-content\/uploads\/2023\/02\/along-avec-anna-yarn-crafts-weronika-karczewska-product-photography-0-27-scaled.jpg","width":2560,"height":1709},{"@type":"BreadcrumbList","@id":"https:\/\/www.alongavecanna.com\/fr\/2021\/11\/02\/all-about-along-avec-anna-yarn\/#breadcrumb","itemListElement":[{"@type":"ListItem","position":1,"name":"Home","item":"https:\/\/www.alongavecanna.com\/fr\/"},{"@type":"ListItem","position":2,"name":"\u00c0 propos des laines Along avec Anna"}]},{"@type":"WebSite","@id":"https:\/\/www.alongavecanna.com\/fr\/#website","url":"https:\/\/www.alongavecanna.com\/fr\/","name":"Along Avec Anna","description":"Ethical yarn &amp; timeless knitting patterns","publisher":{"@id":"https:\/\/www.alongavecanna.com\/fr\/#organization"},"potentialAction":[{"@type":"SearchAction","target":{"@type":"EntryPoint","urlTemplate":"https:\/\/www.alongavecanna.com\/fr\/?s={search_term_string}"},"query-input":{"@type":"PropertyValueSpecification","valueRequired":true,"valueName":"search_term_string"}}],"inLanguage":"fr-FR"},{"@type":"Organization","@id":"https:\/\/www.alongavecanna.com\/fr\/#organization","name":"Along Avec Anna","url":"https:\/\/www.alongavecanna.com\/fr\/","logo":{"@type":"ImageObject","inLanguage":"fr-FR","@id":"https:\/\/www.alongavecanna.com\/fr\/#\/schema\/logo\/image\/","url":"https:\/\/www.alongavecanna.com\/wp-content\/uploads\/2023\/01\/logo-along-avec-anna.png","contentUrl":"https:\/\/www.alongavecanna.com\/wp-content\/uploads\/2023\/01\/logo-along-avec-anna.png","width":1728,"height":627,"caption":"Along Avec Anna"},"image":{"@id":"https:\/\/www.alongavecanna.com\/fr\/#\/schema\/logo\/image\/"},"sameAs":["https:\/\/facebook.com\/alongavecanna","https:\/\/www.instagram.com\/along.avec.anna\/"]},{"@type":"Person","@id":"https:\/\/www.alongavecanna.com\/fr\/#\/schema\/person\/330de06dbb59a0699d7832a02180d3a3","name":"Anna","image":{"@type":"ImageObject","inLanguage":"fr-FR","@id":"https:\/\/secure.gravatar.com\/avatar\/c20fb399f7c98fe80a81c39fc90f3219cda0407ef5ae1e0a7462714786dca34a?s=96&d=mm&r=g","url":"https:\/\/secure.gravatar.com\/avatar\/c20fb399f7c98fe80a81c39fc90f3219cda0407ef5ae1e0a7462714786dca34a?s=96&d=mm&r=g","contentUrl":"https:\/\/secure.gravatar.com\/avatar\/c20fb399f7c98fe80a81c39fc90f3219cda0407ef5ae1e0a7462714786dca34a?s=96&d=mm&r=g","caption":"Anna"},"sameAs":["http:\/\/alongavecanna.com"],"url":"https:\/\/www.alongavecanna.com\/fr\/author\/vestrahornmountain\/"}]}},"_links":{"self":[{"href":"https:\/\/www.alongavecanna.com\/fr\/wp-json\/wp\/v2\/posts\/51816","targetHints":{"allow":["GET"]}}],"collection":[{"href":"https:\/\/www.alongavecanna.com\/fr\/wp-json\/wp\/v2\/posts"}],"about":[{"href":"https:\/\/www.alongavecanna.com\/fr\/wp-json\/wp\/v2\/types\/post"}],"author":[{"embeddable":true,"href":"https:\/\/www.alongavecanna.com\/fr\/wp-json\/wp\/v2\/users\/10908"}],"replies":[{"embeddable":true,"href":"https:\/\/www.alongavecanna.com\/fr\/wp-json\/wp\/v2\/comments?post=51816"}],"version-history":[{"count":0,"href":"https:\/\/www.alongavecanna.com\/fr\/wp-json\/wp\/v2\/posts\/51816\/revisions"}],"wp:featuredmedia":[{"embeddable":true,"href":"https:\/\/www.alongavecanna.com\/fr\/wp-json\/wp\/v2\/media\/55059"}],"wp:attachment":[{"href":"https:\/\/www.alongavecanna.com\/fr\/wp-json\/wp\/v2\/media?parent=51816"}],"wp:term":[{"taxonomy":"category","embeddable":true,"href":"https:\/\/www.alongavecanna.com\/fr\/wp-json\/wp\/v2\/categories?post=51816"},{"taxonomy":"post_tag","embeddable":true,"href":"https:\/\/www.alongavecanna.com\/fr\/wp-json\/wp\/v2\/tags?post=51816"}],"curies":[{"name":"wp","href":"https:\/\/api.w.org\/{rel}","templated":true}]}}